{"id":3640,"date":"2026-04-15T17:04:29","date_gmt":"2026-04-15T17:04:29","guid":{"rendered":"https:\/\/bruscinodesign.com\/?p=3640"},"modified":"2026-04-16T11:32:09","modified_gmt":"2026-04-16T11:32:09","slug":"icona-in-luce-un-progetto-che-prende-forma-tra-materia-gesto-e-luce","status":"publish","type":"post","link":"https:\/\/bruscinodesign.com\/it\/icona-in-luce-un-progetto-che-prende-forma-tra-materia-gesto-e-luce\/","title":{"rendered":"ICONA IN LUCE: un progetto che prende forma tra materia, gesto e luce"},"content":{"rendered":"[vc_row type=&#8221;in_container&#8221; full_screen_row_position=&#8221;middle&#8221; column_margin=&#8221;default&#8221; column_direction=&#8221;default&#8221; column_direction_tablet=&#8221;default&#8221; column_direction_phone=&#8221;default&#8221; scene_position=&#8221;center&#8221; text_color=&#8221;dark&#8221; text_align=&#8221;left&#8221; row_border_radius=&#8221;none&#8221; row_border_radius_applies=&#8221;bg&#8221; row_position_desktop=&#8221;default&#8221; row_position_tablet=&#8221;inherit&#8221; row_position_phone=&#8221;inherit&#8221; overflow=&#8221;visible&#8221; overlay_strength=&#8221;0.3&#8243; gradient_direction=&#8221;left_to_right&#8221; shape_divider_position=&#8221;bottom&#8221; bg_image_animation=&#8221;none&#8221;][vc_column column_padding=&#8221;no-extra-padding&#8221; column_padding_tablet=&#8221;inherit&#8221; column_padding_phone=&#8221;inherit&#8221; column_padding_position=&#8221;all&#8221; flex_gap_desktop=&#8221;10px&#8221; column_element_direction_desktop=&#8221;default&#8221; column_element_spacing=&#8221;default&#8221; desktop_text_alignment=&#8221;default&#8221; tablet_text_alignment=&#8221;default&#8221; phone_text_alignment=&#8221;default&#8221; background_color_opacity=&#8221;1&#8243; background_hover_color_opacity=&#8221;1&#8243; column_backdrop_filter=&#8221;none&#8221; column_shadow=&#8221;none&#8221; column_border_radius=&#8221;none&#8221; column_link_target=&#8221;_self&#8221; column_position=&#8221;default&#8221; gradient_direction=&#8221;left_to_right&#8221; overlay_strength=&#8221;0.3&#8243; width=&#8221;1\/1&#8243; tablet_width_inherit=&#8221;default&#8221; animation_type=&#8221;default&#8221; bg_image_animation=&#8221;none&#8221; border_type=&#8221;simple&#8221; column_border_width=&#8221;none&#8221; column_border_style=&#8221;solid&#8221;][vc_custom_heading text=&#8221;ICONA IN LUCE: un progetto che prende forma tra materia, gesto e luce.&#8221; font_container=&#8221;tag:p|font_size:35|text_align:left&#8221; use_theme_fonts=&#8221;yes&#8221; css=&#8221;&#8221;][\/vc_column][\/vc_row][vc_row type=&#8221;in_container&#8221; full_screen_row_position=&#8221;middle&#8221; column_margin=&#8221;default&#8221; column_direction=&#8221;default&#8221; column_direction_tablet=&#8221;default&#8221; column_direction_phone=&#8221;default&#8221; scene_position=&#8221;center&#8221; text_color=&#8221;dark&#8221; text_align=&#8221;left&#8221; row_border_radius=&#8221;none&#8221; row_border_radius_applies=&#8221;bg&#8221; row_position_desktop=&#8221;default&#8221; row_position_tablet=&#8221;inherit&#8221; row_position_phone=&#8221;inherit&#8221; overflow=&#8221;visible&#8221; overlay_strength=&#8221;0.3&#8243; gradient_direction=&#8221;left_to_right&#8221; shape_divider_position=&#8221;bottom&#8221; bg_image_animation=&#8221;none&#8221;][vc_column column_padding=&#8221;no-extra-padding&#8221; column_padding_tablet=&#8221;inherit&#8221; column_padding_phone=&#8221;inherit&#8221; column_padding_position=&#8221;all&#8221; flex_gap_desktop=&#8221;10px&#8221; column_element_direction_desktop=&#8221;default&#8221; column_element_spacing=&#8221;default&#8221; desktop_text_alignment=&#8221;default&#8221; tablet_text_alignment=&#8221;default&#8221; phone_text_alignment=&#8221;default&#8221; background_color_opacity=&#8221;1&#8243; background_hover_color_opacity=&#8221;1&#8243; column_backdrop_filter=&#8221;none&#8221; column_shadow=&#8221;none&#8221; column_border_radius=&#8221;none&#8221; column_link_target=&#8221;_self&#8221; column_position=&#8221;default&#8221; gradient_direction=&#8221;left_to_right&#8221; overlay_strength=&#8221;0.3&#8243; width=&#8221;1\/1&#8243; tablet_width_inherit=&#8221;default&#8221; animation_type=&#8221;default&#8221; bg_image_animation=&#8221;none&#8221; border_type=&#8221;simple&#8221; column_border_width=&#8221;none&#8221; column_border_style=&#8221;solid&#8221;][vc_column_text]<span style=\"font-weight: 400;\">Bruscino Design presenta <\/span><i><span style=\"font-weight: 400;\">Icona in Luce<\/span><\/i><span style=\"font-weight: 400;\">, un lavoro che nasce dall\u2019incontro tra ricerca artigianale e intervento artistico, trasformando un\u2019icona del design italiano in una presenza contemporanea.<\/span><\/p>\n<p><span style=\"font-weight: 400;\">La presentazione ufficiale si terr\u00e0 il <\/span><b>29 aprile 2026<\/b> <b>presso la Galleria Deodato Arte di Milano<\/b><span style=\"font-weight: 400;\">.<\/span><\/p>\n<p><b>La Vespa viene sottratta alla sua funzione originaria e riletta come superficie espressiva<\/b><span style=\"font-weight: 400;\">. Diventa struttura, equilibrio, linguaggio. Un oggetto riconoscibile che si apre a <\/span><b>una nuova dimensione, sospesa tra memoria e trasformazione<\/b><span style=\"font-weight: 400;\">.<\/span><\/p>\n<p><span style=\"font-weight: 400;\">Il lavoro di Dino Bruscino si sviluppa attraverso un approccio essenziale e rigoroso, fondato sull\u2019attenzione al dettaglio e sull\u2019armonia delle componenti. La meccanica si fa estetica, la costruzione diventa gesto.<\/span><\/p>\n<p><b>Gesto, materia, luce.<\/b><b><br \/>\n<\/b><b>Tre elementi che definiscono il progetto.<\/b><\/p>\n<p><span style=\"font-weight: 400;\">Il gesto \u00e8 quello artigianale, preciso, intenzionale. La materia \u00e8 selezionata e lavorata per esprimere una nuova identit\u00e0. La luce introduce una dimensione ulteriore, capace di modificare la percezione e attivare lo spazio.<\/span><\/p>\n<p><span style=\"font-weight: 400;\">All\u2019interno di questo equilibrio si inserisce l\u2019<\/span><b>intervento di Marco Lodola<\/b><span style=\"font-weight: 400;\">, artista noto per il suo lavoro sulla luce. Il suo contributo apre a una nuova lettura visiva, portando il progetto oltre la dimensione oggettuale.<\/span><\/p>\n<p><span style=\"font-weight: 400;\">Il risultato \u00e8 <\/span><b>un dialogo tra arte e design che prende forma nello spazio<\/b><span style=\"font-weight: 400;\">.<\/span><\/p>\n<p><span style=\"font-weight: 400;\">Le opere saranno svelate per la prima volta in occasione dell\u2019evento del 29 aprile.<\/span><\/p>\n<p><i><span style=\"font-weight: 400;\">Icona in Luce<\/span><\/i><span style=\"font-weight: 400;\"> segna l\u2019inizio di un percorso espositivo che proseguir\u00e0 durante l\u2019estate a Porto Cervo e successivamente a Roma.<\/span><\/p>\n<p>&nbsp;<\/p>\n<p><b>INFORMAZIONI<\/b><\/p>\n<p><b>Presentazione ufficiale<\/b><span style=\"font-weight: 400;\"><br \/>\n<\/span><span style=\"font-weight: 400;\">29 aprile 2026, ore 18.30<\/span><\/p>\n<p><b>Sede<\/b><span style=\"font-weight: 400;\"><br \/>\n<\/span><span style=\"font-weight: 400;\">Galleria Deodato Arte<\/span><span style=\"font-weight: 400;\"><br \/>\n<\/span><span style=\"font-weight: 400;\">Via Nerino 1, Milano<\/span><\/p>\n<p><b>Artisti<\/b><span style=\"font-weight: 400;\"><br \/>\n<\/span><span style=\"font-weight: 400;\">Dino Bruscino<\/span><span style=\"font-weight: 400;\"><br \/>\n<\/span><span style=\"font-weight: 400;\">Marco Lodola<\/span><\/p>\n<p><b>Prossime tappe<\/b><span style=\"font-weight: 400;\"><br \/>\n<\/span><span style=\"font-weight: 400;\">Porto Cervo &#8211; estate 2026<\/span><span style=\"font-weight: 400;\"><br \/>\n<\/span><span style=\"font-weight: 400;\">Roma &#8211; data in definizione<\/span><\/p>\n[\/vc_column_text][\/vc_column][\/vc_row]\n","protected":false},"excerpt":{"rendered":"<p>[vc_row type=&#8221;in_container&#8221; full_screen_row_position=&#8221;middle&#8221; column_margin=&#8221;default&#8221; column_direction=&#8221;default&#8221; column_direction_tablet=&#8221;default&#8221; column_direction_phone=&#8221;default&#8221; scene_position=&#8221;center&#8221; text_color=&#8221;dark&#8221; text_align=&#8221;left&#8221; row_border_radius=&#8221;none&#8221; row_border_radius_applies=&#8221;bg&#8221; row_position_desktop=&#8221;default&#8221; row_position_tablet=&#8221;inherit&#8221; row_position_phone=&#8221;inherit&#8221; overflow=&#8221;visible&#8221; overlay_strength=&#8221;0.3&#8243; gradient_direction=&#8221;left_to_right&#8221; shape_divider_position=&#8221;bottom&#8221; bg_image_animation=&#8221;none&#8221;][vc_column column_padding=&#8221;no-extra-padding&#8221; column_padding_tablet=&#8221;inherit&#8221; column_padding_phone=&#8221;inherit&#8221; column_padding_position=&#8221;all&#8221; flex_gap_desktop=&#8221;10px&#8221; column_element_direction_desktop=&#8221;default&#8221; column_element_spacing=&#8221;default&#8221; desktop_text_alignment=&#8221;default&#8221; tablet_text_alignment=&#8221;default&#8221; phone_text_alignment=&#8221;default&#8221;&#8230;<\/p>\n","protected":false},"author":1,"featured_media":3662,"comment_status":"closed","ping_status":"closed","sticky":false,"template":"","format":"standard","meta":{"footnotes":""},"categories":[3],"tags":[],"class_list":{"0":"post-3640","1":"post","2":"type-post","3":"status-publish","4":"format-standard","5":"has-post-thumbnail","7":"category-journal"},"yoast_head":"<!-- This site is optimized with the Yoast SEO plugin v27.4 - https:\/\/yoast.com\/product\/yoast-seo-wordpress\/ -->\n<title>ICONA IN LUCE: un progetto che prende forma tra materia, gesto e luce<\/title>\n<meta name=\"description\" content=\"Bruscino Design presenta Icona in Luce: Vespa trasformata in arte tra gesto, materia e luce. Evento il 29 aprile 2026 alla Galleria Deodato Arte di Milano\" \/>\n<meta name=\"robots\" content=\"index, follow, max-snippet:-1, max-image-preview:large, max-video-preview:-1\" \/>\n<link rel=\"canonical\" href=\"https:\/\/bruscinodesign.com\/it\/icona-in-luce-un-progetto-che-prende-forma-tra-materia-gesto-e-luce\/\" \/>\n<meta property=\"og:locale\" content=\"it_IT\" \/>\n<meta property=\"og:type\" content=\"article\" \/>\n<meta property=\"og:title\" content=\"ICONA IN LUCE: un progetto che prende forma tra materia, gesto e luce\" \/>\n<meta property=\"og:description\" content=\"Bruscino Design presenta Icona in Luce: Vespa trasformata in arte tra gesto, materia e luce. Evento il 29 aprile 2026 alla Galleria Deodato Arte di Milano\" \/>\n<meta property=\"og:url\" content=\"https:\/\/bruscinodesign.com\/it\/icona-in-luce-un-progetto-che-prende-forma-tra-materia-gesto-e-luce\/\" \/>\n<meta property=\"og:site_name\" content=\"Bruscino Design\" \/>\n<meta property=\"article:published_time\" content=\"2026-04-15T17:04:29+00:00\" \/>\n<meta property=\"article:modified_time\" content=\"2026-04-16T11:32:09+00:00\" \/>\n<meta property=\"og:image\" content=\"https:\/\/bruscinodesign.com\/wp-content\/uploads\/2026\/04\/Icona-in-luce-dino-bruscino-1.jpeg\" \/>\n\t<meta property=\"og:image:width\" content=\"1600\" \/>\n\t<meta property=\"og:image:height\" content=\"900\" \/>\n\t<meta property=\"og:image:type\" content=\"image\/jpeg\" \/>\n<meta name=\"author\" content=\"dino_bruscino\" \/>\n<meta name=\"twitter:card\" content=\"summary_large_image\" \/>\n<meta name=\"twitter:label1\" content=\"Scritto da\" \/>\n\t<meta name=\"twitter:data1\" content=\"dino_bruscino\" \/>\n\t<meta name=\"twitter:label2\" content=\"Tempo di lettura stimato\" \/>\n\t<meta name=\"twitter:data2\" content=\"2 minuti\" \/>\n<script type=\"application\/ld+json\" class=\"yoast-schema-graph\">{\"@context\":\"https:\\\/\\\/schema.org\",\"@graph\":[{\"@type\":\"Article\",\"@id\":\"https:\\\/\\\/bruscinodesign.com\\\/it\\\/icona-in-luce-un-progetto-che-prende-forma-tra-materia-gesto-e-luce\\\/#article\",\"isPartOf\":{\"@id\":\"https:\\\/\\\/bruscinodesign.com\\\/it\\\/icona-in-luce-un-progetto-che-prende-forma-tra-materia-gesto-e-luce\\\/\"},\"author\":{\"name\":\"dino_bruscino\",\"@id\":\"https:\\\/\\\/bruscinodesign.com\\\/it\\\/#\\\/schema\\\/person\\\/842949e572356b9311b1e58cf1b6a3ee\"},\"headline\":\"ICONA IN LUCE: un progetto che prende forma tra materia, gesto e luce\",\"datePublished\":\"2026-04-15T17:04:29+00:00\",\"dateModified\":\"2026-04-16T11:32:09+00:00\",\"mainEntityOfPage\":{\"@id\":\"https:\\\/\\\/bruscinodesign.com\\\/it\\\/icona-in-luce-un-progetto-che-prende-forma-tra-materia-gesto-e-luce\\\/\"},\"wordCount\":654,\"image\":{\"@id\":\"https:\\\/\\\/bruscinodesign.com\\\/it\\\/icona-in-luce-un-progetto-che-prende-forma-tra-materia-gesto-e-luce\\\/#primaryimage\"},\"thumbnailUrl\":\"https:\\\/\\\/bruscinodesign.com\\\/wp-content\\\/uploads\\\/2026\\\/04\\\/Icona-in-luce-dino-bruscino-1.jpeg\",\"articleSection\":[\"Journal\"],\"inLanguage\":\"it-IT\"},{\"@type\":\"WebPage\",\"@id\":\"https:\\\/\\\/bruscinodesign.com\\\/it\\\/icona-in-luce-un-progetto-che-prende-forma-tra-materia-gesto-e-luce\\\/\",\"url\":\"https:\\\/\\\/bruscinodesign.com\\\/it\\\/icona-in-luce-un-progetto-che-prende-forma-tra-materia-gesto-e-luce\\\/\",\"name\":\"ICONA IN LUCE: un progetto che prende forma tra materia, gesto e luce\",\"isPartOf\":{\"@id\":\"https:\\\/\\\/bruscinodesign.com\\\/it\\\/#website\"},\"primaryImageOfPage\":{\"@id\":\"https:\\\/\\\/bruscinodesign.com\\\/it\\\/icona-in-luce-un-progetto-che-prende-forma-tra-materia-gesto-e-luce\\\/#primaryimage\"},\"image\":{\"@id\":\"https:\\\/\\\/bruscinodesign.com\\\/it\\\/icona-in-luce-un-progetto-che-prende-forma-tra-materia-gesto-e-luce\\\/#primaryimage\"},\"thumbnailUrl\":\"https:\\\/\\\/bruscinodesign.com\\\/wp-content\\\/uploads\\\/2026\\\/04\\\/Icona-in-luce-dino-bruscino-1.jpeg\",\"datePublished\":\"2026-04-15T17:04:29+00:00\",\"dateModified\":\"2026-04-16T11:32:09+00:00\",\"author\":{\"@id\":\"https:\\\/\\\/bruscinodesign.com\\\/it\\\/#\\\/schema\\\/person\\\/842949e572356b9311b1e58cf1b6a3ee\"},\"description\":\"Bruscino Design presenta Icona in Luce: Vespa trasformata in arte tra gesto, materia e luce. Evento il 29 aprile 2026 alla Galleria Deodato Arte di Milano\",\"breadcrumb\":{\"@id\":\"https:\\\/\\\/bruscinodesign.com\\\/it\\\/icona-in-luce-un-progetto-che-prende-forma-tra-materia-gesto-e-luce\\\/#breadcrumb\"},\"inLanguage\":\"it-IT\",\"potentialAction\":[{\"@type\":\"ReadAction\",\"target\":[\"https:\\\/\\\/bruscinodesign.com\\\/it\\\/icona-in-luce-un-progetto-che-prende-forma-tra-materia-gesto-e-luce\\\/\"]}]},{\"@type\":\"ImageObject\",\"inLanguage\":\"it-IT\",\"@id\":\"https:\\\/\\\/bruscinodesign.com\\\/it\\\/icona-in-luce-un-progetto-che-prende-forma-tra-materia-gesto-e-luce\\\/#primaryimage\",\"url\":\"https:\\\/\\\/bruscinodesign.com\\\/wp-content\\\/uploads\\\/2026\\\/04\\\/Icona-in-luce-dino-bruscino-1.jpeg\",\"contentUrl\":\"https:\\\/\\\/bruscinodesign.com\\\/wp-content\\\/uploads\\\/2026\\\/04\\\/Icona-in-luce-dino-bruscino-1.jpeg\",\"width\":1600,\"height\":900,\"caption\":\"Cover Icona in luce Dino Bruscino\"},{\"@type\":\"BreadcrumbList\",\"@id\":\"https:\\\/\\\/bruscinodesign.com\\\/it\\\/icona-in-luce-un-progetto-che-prende-forma-tra-materia-gesto-e-luce\\\/#breadcrumb\",\"itemListElement\":[{\"@type\":\"ListItem\",\"position\":1,\"name\":\"Home\",\"item\":\"https:\\\/\\\/bruscinodesign.com\\\/it\\\/\"},{\"@type\":\"ListItem\",\"position\":2,\"name\":\"ICONA IN LUCE: un progetto che prende forma tra materia, gesto e luce\"}]},{\"@type\":\"WebSite\",\"@id\":\"https:\\\/\\\/bruscinodesign.com\\\/it\\\/#website\",\"url\":\"https:\\\/\\\/bruscinodesign.com\\\/it\\\/\",\"name\":\"Bruscino Design\",\"description\":\"\",\"potentialAction\":[{\"@type\":\"SearchAction\",\"target\":{\"@type\":\"EntryPoint\",\"urlTemplate\":\"https:\\\/\\\/bruscinodesign.com\\\/it\\\/?s={search_term_string}\"},\"query-input\":{\"@type\":\"PropertyValueSpecification\",\"valueRequired\":true,\"valueName\":\"search_term_string\"}}],\"inLanguage\":\"it-IT\"},{\"@type\":\"Person\",\"@id\":\"https:\\\/\\\/bruscinodesign.com\\\/it\\\/#\\\/schema\\\/person\\\/842949e572356b9311b1e58cf1b6a3ee\",\"name\":\"dino_bruscino\",\"image\":{\"@type\":\"ImageObject\",\"inLanguage\":\"it-IT\",\"@id\":\"https:\\\/\\\/secure.gravatar.com\\\/avatar\\\/583df2fb832fb19b792e92677cb4115c4749b9bb67fbdaa0bfa1d444d9fc784d?s=96&d=mm&r=g\",\"url\":\"https:\\\/\\\/secure.gravatar.com\\\/avatar\\\/583df2fb832fb19b792e92677cb4115c4749b9bb67fbdaa0bfa1d444d9fc784d?s=96&d=mm&r=g\",\"contentUrl\":\"https:\\\/\\\/secure.gravatar.com\\\/avatar\\\/583df2fb832fb19b792e92677cb4115c4749b9bb67fbdaa0bfa1d444d9fc784d?s=96&d=mm&r=g\",\"caption\":\"dino_bruscino\"},\"sameAs\":[\"https:\\\/\\\/bruscinodesign.com\"]}]}<\/script>\n<!-- \/ Yoast SEO plugin. -->","yoast_head_json":{"title":"ICONA IN LUCE: un progetto che prende forma tra materia, gesto e luce","description":"Bruscino Design presenta Icona in Luce: Vespa trasformata in arte tra gesto, materia e luce. Evento il 29 aprile 2026 alla Galleria Deodato Arte di Milano","robots":{"index":"index","follow":"follow","max-snippet":"max-snippet:-1","max-image-preview":"max-image-preview:large","max-video-preview":"max-video-preview:-1"},"canonical":"https:\/\/bruscinodesign.com\/it\/icona-in-luce-un-progetto-che-prende-forma-tra-materia-gesto-e-luce\/","og_locale":"it_IT","og_type":"article","og_title":"ICONA IN LUCE: un progetto che prende forma tra materia, gesto e luce","og_description":"Bruscino Design presenta Icona in Luce: Vespa trasformata in arte tra gesto, materia e luce. Evento il 29 aprile 2026 alla Galleria Deodato Arte di Milano","og_url":"https:\/\/bruscinodesign.com\/it\/icona-in-luce-un-progetto-che-prende-forma-tra-materia-gesto-e-luce\/","og_site_name":"Bruscino Design","article_published_time":"2026-04-15T17:04:29+00:00","article_modified_time":"2026-04-16T11:32:09+00:00","og_image":[{"width":1600,"height":900,"url":"https:\/\/bruscinodesign.com\/wp-content\/uploads\/2026\/04\/Icona-in-luce-dino-bruscino-1.jpeg","type":"image\/jpeg"}],"author":"dino_bruscino","twitter_card":"summary_large_image","twitter_misc":{"Scritto da":"dino_bruscino","Tempo di lettura stimato":"2 minuti"},"schema":{"@context":"https:\/\/schema.org","@graph":[{"@type":"Article","@id":"https:\/\/bruscinodesign.com\/it\/icona-in-luce-un-progetto-che-prende-forma-tra-materia-gesto-e-luce\/#article","isPartOf":{"@id":"https:\/\/bruscinodesign.com\/it\/icona-in-luce-un-progetto-che-prende-forma-tra-materia-gesto-e-luce\/"},"author":{"name":"dino_bruscino","@id":"https:\/\/bruscinodesign.com\/it\/#\/schema\/person\/842949e572356b9311b1e58cf1b6a3ee"},"headline":"ICONA IN LUCE: un progetto che prende forma tra materia, gesto e luce","datePublished":"2026-04-15T17:04:29+00:00","dateModified":"2026-04-16T11:32:09+00:00","mainEntityOfPage":{"@id":"https:\/\/bruscinodesign.com\/it\/icona-in-luce-un-progetto-che-prende-forma-tra-materia-gesto-e-luce\/"},"wordCount":654,"image":{"@id":"https:\/\/bruscinodesign.com\/it\/icona-in-luce-un-progetto-che-prende-forma-tra-materia-gesto-e-luce\/#primaryimage"},"thumbnailUrl":"https:\/\/bruscinodesign.com\/wp-content\/uploads\/2026\/04\/Icona-in-luce-dino-bruscino-1.jpeg","articleSection":["Journal"],"inLanguage":"it-IT"},{"@type":"WebPage","@id":"https:\/\/bruscinodesign.com\/it\/icona-in-luce-un-progetto-che-prende-forma-tra-materia-gesto-e-luce\/","url":"https:\/\/bruscinodesign.com\/it\/icona-in-luce-un-progetto-che-prende-forma-tra-materia-gesto-e-luce\/","name":"ICONA IN LUCE: un progetto che prende forma tra materia, gesto e luce","isPartOf":{"@id":"https:\/\/bruscinodesign.com\/it\/#website"},"primaryImageOfPage":{"@id":"https:\/\/bruscinodesign.com\/it\/icona-in-luce-un-progetto-che-prende-forma-tra-materia-gesto-e-luce\/#primaryimage"},"image":{"@id":"https:\/\/bruscinodesign.com\/it\/icona-in-luce-un-progetto-che-prende-forma-tra-materia-gesto-e-luce\/#primaryimage"},"thumbnailUrl":"https:\/\/bruscinodesign.com\/wp-content\/uploads\/2026\/04\/Icona-in-luce-dino-bruscino-1.jpeg","datePublished":"2026-04-15T17:04:29+00:00","dateModified":"2026-04-16T11:32:09+00:00","author":{"@id":"https:\/\/bruscinodesign.com\/it\/#\/schema\/person\/842949e572356b9311b1e58cf1b6a3ee"},"description":"Bruscino Design presenta Icona in Luce: Vespa trasformata in arte tra gesto, materia e luce. Evento il 29 aprile 2026 alla Galleria Deodato Arte di Milano","breadcrumb":{"@id":"https:\/\/bruscinodesign.com\/it\/icona-in-luce-un-progetto-che-prende-forma-tra-materia-gesto-e-luce\/#breadcrumb"},"inLanguage":"it-IT","potentialAction":[{"@type":"ReadAction","target":["https:\/\/bruscinodesign.com\/it\/icona-in-luce-un-progetto-che-prende-forma-tra-materia-gesto-e-luce\/"]}]},{"@type":"ImageObject","inLanguage":"it-IT","@id":"https:\/\/bruscinodesign.com\/it\/icona-in-luce-un-progetto-che-prende-forma-tra-materia-gesto-e-luce\/#primaryimage","url":"https:\/\/bruscinodesign.com\/wp-content\/uploads\/2026\/04\/Icona-in-luce-dino-bruscino-1.jpeg","contentUrl":"https:\/\/bruscinodesign.com\/wp-content\/uploads\/2026\/04\/Icona-in-luce-dino-bruscino-1.jpeg","width":1600,"height":900,"caption":"Cover Icona in luce Dino Bruscino"},{"@type":"BreadcrumbList","@id":"https:\/\/bruscinodesign.com\/it\/icona-in-luce-un-progetto-che-prende-forma-tra-materia-gesto-e-luce\/#breadcrumb","itemListElement":[{"@type":"ListItem","position":1,"name":"Home","item":"https:\/\/bruscinodesign.com\/it\/"},{"@type":"ListItem","position":2,"name":"ICONA IN LUCE: un progetto che prende forma tra materia, gesto e luce"}]},{"@type":"WebSite","@id":"https:\/\/bruscinodesign.com\/it\/#website","url":"https:\/\/bruscinodesign.com\/it\/","name":"Bruscino Design","description":"","potentialAction":[{"@type":"SearchAction","target":{"@type":"EntryPoint","urlTemplate":"https:\/\/bruscinodesign.com\/it\/?s={search_term_string}"},"query-input":{"@type":"PropertyValueSpecification","valueRequired":true,"valueName":"search_term_string"}}],"inLanguage":"it-IT"},{"@type":"Person","@id":"https:\/\/bruscinodesign.com\/it\/#\/schema\/person\/842949e572356b9311b1e58cf1b6a3ee","name":"dino_bruscino","image":{"@type":"ImageObject","inLanguage":"it-IT","@id":"https:\/\/secure.gravatar.com\/avatar\/583df2fb832fb19b792e92677cb4115c4749b9bb67fbdaa0bfa1d444d9fc784d?s=96&d=mm&r=g","url":"https:\/\/secure.gravatar.com\/avatar\/583df2fb832fb19b792e92677cb4115c4749b9bb67fbdaa0bfa1d444d9fc784d?s=96&d=mm&r=g","contentUrl":"https:\/\/secure.gravatar.com\/avatar\/583df2fb832fb19b792e92677cb4115c4749b9bb67fbdaa0bfa1d444d9fc784d?s=96&d=mm&r=g","caption":"dino_bruscino"},"sameAs":["https:\/\/bruscinodesign.com"]}]}},"_links":{"self":[{"href":"https:\/\/bruscinodesign.com\/it\/wp-json\/wp\/v2\/posts\/3640","targetHints":{"allow":["GET"]}}],"collection":[{"href":"https:\/\/bruscinodesign.com\/it\/wp-json\/wp\/v2\/posts"}],"about":[{"href":"https:\/\/bruscinodesign.com\/it\/wp-json\/wp\/v2\/types\/post"}],"author":[{"embeddable":true,"href":"https:\/\/bruscinodesign.com\/it\/wp-json\/wp\/v2\/users\/1"}],"replies":[{"embeddable":true,"href":"https:\/\/bruscinodesign.com\/it\/wp-json\/wp\/v2\/comments?post=3640"}],"version-history":[{"count":7,"href":"https:\/\/bruscinodesign.com\/it\/wp-json\/wp\/v2\/posts\/3640\/revisions"}],"predecessor-version":[{"id":3661,"href":"https:\/\/bruscinodesign.com\/it\/wp-json\/wp\/v2\/posts\/3640\/revisions\/3661"}],"wp:featuredmedia":[{"embeddable":true,"href":"https:\/\/bruscinodesign.com\/it\/wp-json\/wp\/v2\/media\/3662"}],"wp:attachment":[{"href":"https:\/\/bruscinodesign.com\/it\/wp-json\/wp\/v2\/media?parent=3640"}],"wp:term":[{"taxonomy":"category","embeddable":true,"href":"https:\/\/bruscinodesign.com\/it\/wp-json\/wp\/v2\/categories?post=3640"},{"taxonomy":"post_tag","embeddable":true,"href":"https:\/\/bruscinodesign.com\/it\/wp-json\/wp\/v2\/tags?post=3640"}],"curies":[{"name":"wp","href":"https:\/\/api.w.org\/{rel}","templated":true}]}}