{"id":2259,"date":"2026-03-06T13:47:37","date_gmt":"2026-03-06T13:47:37","guid":{"rendered":"https:\/\/dbdesign-motors.it\/?p=2259"},"modified":"2026-03-20T10:56:24","modified_gmt":"2026-03-20T10:56:24","slug":"db-design-al-salone-del-mobile-2025","status":"publish","type":"post","link":"https:\/\/bruscinodesign.com\/it\/db-design-al-salone-del-mobile-2025\/","title":{"rendered":"DB Design al Salone del Mobile 2025"},"content":{"rendered":"[vc_row type=&#8221;in_container&#8221; full_screen_row_position=&#8221;middle&#8221; column_margin=&#8221;default&#8221; column_direction=&#8221;default&#8221; column_direction_tablet=&#8221;default&#8221; column_direction_phone=&#8221;default&#8221; scene_position=&#8221;center&#8221; text_color=&#8221;dark&#8221; text_align=&#8221;left&#8221; row_border_radius=&#8221;none&#8221; row_border_radius_applies=&#8221;bg&#8221; row_position_desktop=&#8221;default&#8221; row_position_tablet=&#8221;inherit&#8221; row_position_phone=&#8221;inherit&#8221; overflow=&#8221;visible&#8221; overlay_strength=&#8221;0.3&#8243; gradient_direction=&#8221;left_to_right&#8221; shape_divider_position=&#8221;bottom&#8221; bg_image_animation=&#8221;none&#8221;][vc_column column_padding=&#8221;no-extra-padding&#8221; column_padding_tablet=&#8221;inherit&#8221; column_padding_phone=&#8221;inherit&#8221; column_padding_position=&#8221;all&#8221; flex_gap_desktop=&#8221;10px&#8221; column_element_direction_desktop=&#8221;default&#8221; column_element_spacing=&#8221;default&#8221; desktop_text_alignment=&#8221;default&#8221; tablet_text_alignment=&#8221;default&#8221; phone_text_alignment=&#8221;default&#8221; background_color_opacity=&#8221;1&#8243; background_hover_color_opacity=&#8221;1&#8243; column_backdrop_filter=&#8221;none&#8221; column_shadow=&#8221;none&#8221; column_border_radius=&#8221;none&#8221; column_link_target=&#8221;_self&#8221; column_position=&#8221;default&#8221; gradient_direction=&#8221;left_to_right&#8221; overlay_strength=&#8221;0.3&#8243; width=&#8221;1\/1&#8243; tablet_width_inherit=&#8221;default&#8221; animation_type=&#8221;default&#8221; bg_image_animation=&#8221;none&#8221; border_type=&#8221;simple&#8221; column_border_width=&#8221;none&#8221; column_border_style=&#8221;solid&#8221;][vc_custom_heading text=&#8221;DB Design al Salone del Mobile 2025&#8243; font_container=&#8221;tag:p|font_size:35|text_align:left&#8221; use_theme_fonts=&#8221;yes&#8221; css=&#8221;&#8221;][\/vc_column][\/vc_row][vc_row type=&#8221;in_container&#8221; full_screen_row_position=&#8221;middle&#8221; column_margin=&#8221;default&#8221; column_direction=&#8221;default&#8221; column_direction_tablet=&#8221;default&#8221; column_direction_phone=&#8221;default&#8221; scene_position=&#8221;center&#8221; text_color=&#8221;dark&#8221; text_align=&#8221;left&#8221; row_border_radius=&#8221;none&#8221; row_border_radius_applies=&#8221;bg&#8221; row_position_desktop=&#8221;default&#8221; row_position_tablet=&#8221;inherit&#8221; row_position_phone=&#8221;inherit&#8221; overflow=&#8221;visible&#8221; overlay_strength=&#8221;0.3&#8243; gradient_direction=&#8221;left_to_right&#8221; shape_divider_position=&#8221;bottom&#8221; bg_image_animation=&#8221;none&#8221;][vc_column column_padding=&#8221;no-extra-padding&#8221; column_padding_tablet=&#8221;inherit&#8221; column_padding_phone=&#8221;inherit&#8221; column_padding_position=&#8221;all&#8221; flex_gap_desktop=&#8221;10px&#8221; column_element_direction_desktop=&#8221;default&#8221; column_element_spacing=&#8221;default&#8221; desktop_text_alignment=&#8221;default&#8221; tablet_text_alignment=&#8221;default&#8221; phone_text_alignment=&#8221;default&#8221; background_color_opacity=&#8221;1&#8243; background_hover_color_opacity=&#8221;1&#8243; column_backdrop_filter=&#8221;none&#8221; column_shadow=&#8221;none&#8221; column_border_radius=&#8221;none&#8221; column_link_target=&#8221;_self&#8221; column_position=&#8221;default&#8221; gradient_direction=&#8221;left_to_right&#8221; overlay_strength=&#8221;0.3&#8243; width=&#8221;1\/1&#8243; tablet_width_inherit=&#8221;default&#8221; animation_type=&#8221;default&#8221; bg_image_animation=&#8221;none&#8221; border_type=&#8221;simple&#8221; column_border_width=&#8221;none&#8221; column_border_style=&#8221;solid&#8221;][vc_column_text]\n<h4><b>Eleganza, innovazione e visione al cuore del design internazionale<\/b><\/h4>\n<p><span style=\"font-weight: 400;\">Anche quest\u2019anno, DB Design ha partecipato al Salone del Mobile di Milano, confermandosi protagonista di una delle manifestazioni pi\u00f9 prestigiose nel panorama internazionale del design. Dal 8 al 13 aprile, all\u2019interno della Hall 15 &#8211; Stand A14, abbiamo condiviso la nostra visione creativa insieme a DFN Outdoor, unendo eleganza, innovazione e l\u2019inconfondibile maestria artigianale italiana.<\/span><\/p>\n<p><span style=\"font-weight: 400;\">Al centro dell\u2019esposizione, la protagonista assoluta \u00e8 stata la Vespa Cappuccino \u2013 un modello che racchiude l\u2019estetica iconica degli anni \u201860 reinterpretata con un gusto contemporaneo e sofisticato. Un tributo al lifestyle italiano, dove la bellezza si fonde con il dettaglio.<\/span><\/p>\n<p><span style=\"font-weight: 400;\">In occasione del Salone, la Vespa \u00e8 stata ulteriormente impreziosita: la sella \u00e8 stata rivestita con un tessuto iconico della maison francese Pierre Frey, sinonimo di eccellenza nel mondo dell\u2019interior design. Un tocco sartoriale che ha conferito ancora pi\u00f9 esclusivit\u00e0 a un pezzo gi\u00e0 unico.<\/span><\/p>\n<p><span style=\"font-weight: 400;\">Grazie a tutti coloro che sono passati a trovarci.<\/span><\/p>\n<p>&nbsp;<\/p>\n<p>&nbsp;<\/p>\n<p><img loading=\"lazy\" decoding=\"async\" class=\"alignnone size-medium wp-image-2263\" src=\"https:\/\/bruscinodesign.com\/wp-content\/uploads\/2025\/05\/Vespa-Cappuccino-salone-del-mobile-2025-profilo-200x300.jpg\" alt=\"Vespa Cappuccino salone del mobile 2025 lato sinistro\" width=\"200\" height=\"300\" \/> <img loading=\"lazy\" decoding=\"async\" class=\"alignnone size-medium wp-image-2265\" src=\"https:\/\/bruscinodesign.com\/wp-content\/uploads\/2025\/05\/Vespa-Cappuccino-salone-del-mobile-2025-profilo-posteriore-200x300.jpg\" alt=\"Vespa Cappuccino salone del mobile 2025 profilo posteriore\" width=\"200\" height=\"300\" \/> <img loading=\"lazy\" decoding=\"async\" class=\"alignnone wp-image-2267\" src=\"https:\/\/bruscinodesign.com\/wp-content\/uploads\/2025\/05\/Vespa-Cappuccino-salone-del-mobile-2025-parte-frontale-1-300x200.jpg\" alt=\"Vespa Cappuccino salone del mobile 2025 parte frontale\" width=\"446\" height=\"297\" \/><\/p>\n<p><img loading=\"lazy\" decoding=\"async\" class=\"alignnone wp-image-2269\" src=\"https:\/\/bruscinodesign.com\/wp-content\/uploads\/2025\/05\/Vespa-Cappuccino-salone-del-mobile-2025-pedana-firma-300x200.jpg\" alt=\"\" width=\"482\" height=\"321\" \/> \u00a0<img loading=\"lazy\" decoding=\"async\" class=\"alignnone wp-image-2271\" src=\"https:\/\/bruscinodesign.com\/wp-content\/uploads\/2025\/05\/Vespa-Cappuccino-salone-del-mobile-2025-pedana-e-sella-200x300.jpg\" alt=\"Vespa Cappuccino salone del mobile 2025 pedana e sella\" width=\"212\" height=\"318\" \/>[\/vc_column_text][\/vc_column][\/vc_row]\n","protected":false},"excerpt":{"rendered":"<p>[vc_row type=&#8221;in_container&#8221; full_screen_row_position=&#8221;middle&#8221; column_margin=&#8221;default&#8221; column_direction=&#8221;default&#8221; column_direction_tablet=&#8221;default&#8221; column_direction_phone=&#8221;default&#8221; scene_position=&#8221;center&#8221; text_color=&#8221;dark&#8221; text_align=&#8221;left&#8221; row_border_radius=&#8221;none&#8221; row_border_radius_applies=&#8221;bg&#8221; row_position_desktop=&#8221;default&#8221; row_position_tablet=&#8221;inherit&#8221; row_position_phone=&#8221;inherit&#8221; overflow=&#8221;visible&#8221; overlay_strength=&#8221;0.3&#8243; gradient_direction=&#8221;left_to_right&#8221; shape_divider_position=&#8221;bottom&#8221; bg_image_animation=&#8221;none&#8221;][vc_column column_padding=&#8221;no-extra-padding&#8221; column_padding_tablet=&#8221;inherit&#8221; column_padding_phone=&#8221;inherit&#8221; column_padding_position=&#8221;all&#8221; flex_gap_desktop=&#8221;10px&#8221; column_element_direction_desktop=&#8221;default&#8221; column_element_spacing=&#8221;default&#8221; desktop_text_alignment=&#8221;default&#8221; tablet_text_alignment=&#8221;default&#8221; phone_text_alignment=&#8221;default&#8221;&#8230;<\/p>\n","protected":false},"author":1,"featured_media":2261,"comment_status":"closed","ping_status":"closed","sticky":false,"template":"","format":"standard","meta":{"footnotes":""},"categories":[3],"tags":[],"class_list":{"0":"post-2259","1":"post","2":"type-post","3":"status-publish","4":"format-standard","5":"has-post-thumbnail","7":"category-journal"},"yoast_head":"<!-- This site is optimized with the Yoast SEO plugin v27.4 - https:\/\/yoast.com\/product\/yoast-seo-wordpress\/ -->\n<title>DB Design al Salone del Mobile 2025<\/title>\n<meta name=\"description\" content=\"Al Salone del Mobile 2025, DB Design ha presentato la Vespa Cappuccino: eleganza anni \u201960 rivisitata con stile contemporaneo, impreziosita da dettagli firmati Pierre Frey.\" \/>\n<meta name=\"robots\" content=\"index, follow, max-snippet:-1, max-image-preview:large, max-video-preview:-1\" \/>\n<link rel=\"canonical\" href=\"https:\/\/bruscinodesign.com\/it\/db-design-al-salone-del-mobile-2025\/\" \/>\n<meta property=\"og:locale\" content=\"it_IT\" \/>\n<meta property=\"og:type\" content=\"article\" \/>\n<meta property=\"og:title\" content=\"DB Design al Salone del Mobile 2025\" \/>\n<meta property=\"og:description\" content=\"Al Salone del Mobile 2025, DB Design ha presentato la Vespa Cappuccino: eleganza anni \u201960 rivisitata con stile contemporaneo, impreziosita da dettagli firmati Pierre Frey.\" \/>\n<meta property=\"og:url\" content=\"https:\/\/bruscinodesign.com\/it\/db-design-al-salone-del-mobile-2025\/\" \/>\n<meta property=\"og:site_name\" content=\"Bruscino Design\" \/>\n<meta property=\"article:published_time\" content=\"2026-03-06T13:47:37+00:00\" \/>\n<meta property=\"article:modified_time\" content=\"2026-03-20T10:56:24+00:00\" \/>\n<meta property=\"og:image\" content=\"https:\/\/bruscinodesign.com\/wp-content\/uploads\/2025\/05\/Vespa-Cappuccino-salone-del-mobile-2025-parte-frontale-scaled-1.jpg\" \/>\n\t<meta property=\"og:image:width\" content=\"2560\" \/>\n\t<meta property=\"og:image:height\" content=\"1707\" \/>\n\t<meta property=\"og:image:type\" content=\"image\/jpeg\" \/>\n<meta name=\"author\" content=\"dino_bruscino\" \/>\n<meta name=\"twitter:card\" content=\"summary_large_image\" \/>\n<meta name=\"twitter:label1\" content=\"Scritto da\" \/>\n\t<meta name=\"twitter:data1\" content=\"dino_bruscino\" \/>\n\t<meta name=\"twitter:label2\" content=\"Tempo di lettura stimato\" \/>\n\t<meta name=\"twitter:data2\" content=\"2 minuti\" \/>\n<script type=\"application\/ld+json\" class=\"yoast-schema-graph\">{\"@context\":\"https:\\\/\\\/schema.org\",\"@graph\":[{\"@type\":\"Article\",\"@id\":\"https:\\\/\\\/bruscinodesign.com\\\/it\\\/db-design-al-salone-del-mobile-2025\\\/#article\",\"isPartOf\":{\"@id\":\"https:\\\/\\\/bruscinodesign.com\\\/it\\\/db-design-al-salone-del-mobile-2025\\\/\"},\"author\":{\"name\":\"dino_bruscino\",\"@id\":\"https:\\\/\\\/bruscinodesign.com\\\/it\\\/#\\\/schema\\\/person\\\/842949e572356b9311b1e58cf1b6a3ee\"},\"headline\":\"DB Design al Salone del Mobile 2025\",\"datePublished\":\"2026-03-06T13:47:37+00:00\",\"dateModified\":\"2026-03-20T10:56:24+00:00\",\"mainEntityOfPage\":{\"@id\":\"https:\\\/\\\/bruscinodesign.com\\\/it\\\/db-design-al-salone-del-mobile-2025\\\/\"},\"wordCount\":539,\"image\":{\"@id\":\"https:\\\/\\\/bruscinodesign.com\\\/it\\\/db-design-al-salone-del-mobile-2025\\\/#primaryimage\"},\"thumbnailUrl\":\"https:\\\/\\\/bruscinodesign.com\\\/wp-content\\\/uploads\\\/2025\\\/05\\\/Vespa-Cappuccino-salone-del-mobile-2025-parte-frontale-scaled-1.jpg\",\"articleSection\":[\"Journal\"],\"inLanguage\":\"it-IT\"},{\"@type\":\"WebPage\",\"@id\":\"https:\\\/\\\/bruscinodesign.com\\\/it\\\/db-design-al-salone-del-mobile-2025\\\/\",\"url\":\"https:\\\/\\\/bruscinodesign.com\\\/it\\\/db-design-al-salone-del-mobile-2025\\\/\",\"name\":\"DB Design al Salone del Mobile 2025\",\"isPartOf\":{\"@id\":\"https:\\\/\\\/bruscinodesign.com\\\/it\\\/#website\"},\"primaryImageOfPage\":{\"@id\":\"https:\\\/\\\/bruscinodesign.com\\\/it\\\/db-design-al-salone-del-mobile-2025\\\/#primaryimage\"},\"image\":{\"@id\":\"https:\\\/\\\/bruscinodesign.com\\\/it\\\/db-design-al-salone-del-mobile-2025\\\/#primaryimage\"},\"thumbnailUrl\":\"https:\\\/\\\/bruscinodesign.com\\\/wp-content\\\/uploads\\\/2025\\\/05\\\/Vespa-Cappuccino-salone-del-mobile-2025-parte-frontale-scaled-1.jpg\",\"datePublished\":\"2026-03-06T13:47:37+00:00\",\"dateModified\":\"2026-03-20T10:56:24+00:00\",\"author\":{\"@id\":\"https:\\\/\\\/bruscinodesign.com\\\/it\\\/#\\\/schema\\\/person\\\/842949e572356b9311b1e58cf1b6a3ee\"},\"description\":\"Al Salone del Mobile 2025, DB Design ha presentato la Vespa Cappuccino: eleganza anni \u201960 rivisitata con stile contemporaneo, impreziosita da dettagli firmati Pierre Frey.\",\"breadcrumb\":{\"@id\":\"https:\\\/\\\/bruscinodesign.com\\\/it\\\/db-design-al-salone-del-mobile-2025\\\/#breadcrumb\"},\"inLanguage\":\"it-IT\",\"potentialAction\":[{\"@type\":\"ReadAction\",\"target\":[\"https:\\\/\\\/bruscinodesign.com\\\/it\\\/db-design-al-salone-del-mobile-2025\\\/\"]}]},{\"@type\":\"ImageObject\",\"inLanguage\":\"it-IT\",\"@id\":\"https:\\\/\\\/bruscinodesign.com\\\/it\\\/db-design-al-salone-del-mobile-2025\\\/#primaryimage\",\"url\":\"https:\\\/\\\/bruscinodesign.com\\\/wp-content\\\/uploads\\\/2025\\\/05\\\/Vespa-Cappuccino-salone-del-mobile-2025-parte-frontale-scaled-1.jpg\",\"contentUrl\":\"https:\\\/\\\/bruscinodesign.com\\\/wp-content\\\/uploads\\\/2025\\\/05\\\/Vespa-Cappuccino-salone-del-mobile-2025-parte-frontale-scaled-1.jpg\",\"width\":2560,\"height\":1707,\"caption\":\"Vespa Cappuccino salone del mobile 2025 parte frontale\"},{\"@type\":\"BreadcrumbList\",\"@id\":\"https:\\\/\\\/bruscinodesign.com\\\/it\\\/db-design-al-salone-del-mobile-2025\\\/#breadcrumb\",\"itemListElement\":[{\"@type\":\"ListItem\",\"position\":1,\"name\":\"Home\",\"item\":\"https:\\\/\\\/bruscinodesign.com\\\/it\\\/\"},{\"@type\":\"ListItem\",\"position\":2,\"name\":\"DB Design al Salone del Mobile 2025\"}]},{\"@type\":\"WebSite\",\"@id\":\"https:\\\/\\\/bruscinodesign.com\\\/it\\\/#website\",\"url\":\"https:\\\/\\\/bruscinodesign.com\\\/it\\\/\",\"name\":\"Bruscino Design\",\"description\":\"\",\"potentialAction\":[{\"@type\":\"SearchAction\",\"target\":{\"@type\":\"EntryPoint\",\"urlTemplate\":\"https:\\\/\\\/bruscinodesign.com\\\/it\\\/?s={search_term_string}\"},\"query-input\":{\"@type\":\"PropertyValueSpecification\",\"valueRequired\":true,\"valueName\":\"search_term_string\"}}],\"inLanguage\":\"it-IT\"},{\"@type\":\"Person\",\"@id\":\"https:\\\/\\\/bruscinodesign.com\\\/it\\\/#\\\/schema\\\/person\\\/842949e572356b9311b1e58cf1b6a3ee\",\"name\":\"dino_bruscino\",\"image\":{\"@type\":\"ImageObject\",\"inLanguage\":\"it-IT\",\"@id\":\"https:\\\/\\\/secure.gravatar.com\\\/avatar\\\/583df2fb832fb19b792e92677cb4115c4749b9bb67fbdaa0bfa1d444d9fc784d?s=96&d=mm&r=g\",\"url\":\"https:\\\/\\\/secure.gravatar.com\\\/avatar\\\/583df2fb832fb19b792e92677cb4115c4749b9bb67fbdaa0bfa1d444d9fc784d?s=96&d=mm&r=g\",\"contentUrl\":\"https:\\\/\\\/secure.gravatar.com\\\/avatar\\\/583df2fb832fb19b792e92677cb4115c4749b9bb67fbdaa0bfa1d444d9fc784d?s=96&d=mm&r=g\",\"caption\":\"dino_bruscino\"},\"sameAs\":[\"https:\\\/\\\/bruscinodesign.com\"]}]}<\/script>\n<!-- \/ Yoast SEO plugin. -->","yoast_head_json":{"title":"DB Design al Salone del Mobile 2025","description":"Al Salone del Mobile 2025, DB Design ha presentato la Vespa Cappuccino: eleganza anni \u201960 rivisitata con stile contemporaneo, impreziosita da dettagli firmati Pierre Frey.","robots":{"index":"index","follow":"follow","max-snippet":"max-snippet:-1","max-image-preview":"max-image-preview:large","max-video-preview":"max-video-preview:-1"},"canonical":"https:\/\/bruscinodesign.com\/it\/db-design-al-salone-del-mobile-2025\/","og_locale":"it_IT","og_type":"article","og_title":"DB Design al Salone del Mobile 2025","og_description":"Al Salone del Mobile 2025, DB Design ha presentato la Vespa Cappuccino: eleganza anni \u201960 rivisitata con stile contemporaneo, impreziosita da dettagli firmati Pierre Frey.","og_url":"https:\/\/bruscinodesign.com\/it\/db-design-al-salone-del-mobile-2025\/","og_site_name":"Bruscino Design","article_published_time":"2026-03-06T13:47:37+00:00","article_modified_time":"2026-03-20T10:56:24+00:00","og_image":[{"width":2560,"height":1707,"url":"https:\/\/bruscinodesign.com\/wp-content\/uploads\/2025\/05\/Vespa-Cappuccino-salone-del-mobile-2025-parte-frontale-scaled-1.jpg","type":"image\/jpeg"}],"author":"dino_bruscino","twitter_card":"summary_large_image","twitter_misc":{"Scritto da":"dino_bruscino","Tempo di lettura stimato":"2 minuti"},"schema":{"@context":"https:\/\/schema.org","@graph":[{"@type":"Article","@id":"https:\/\/bruscinodesign.com\/it\/db-design-al-salone-del-mobile-2025\/#article","isPartOf":{"@id":"https:\/\/bruscinodesign.com\/it\/db-design-al-salone-del-mobile-2025\/"},"author":{"name":"dino_bruscino","@id":"https:\/\/bruscinodesign.com\/it\/#\/schema\/person\/842949e572356b9311b1e58cf1b6a3ee"},"headline":"DB Design al Salone del Mobile 2025","datePublished":"2026-03-06T13:47:37+00:00","dateModified":"2026-03-20T10:56:24+00:00","mainEntityOfPage":{"@id":"https:\/\/bruscinodesign.com\/it\/db-design-al-salone-del-mobile-2025\/"},"wordCount":539,"image":{"@id":"https:\/\/bruscinodesign.com\/it\/db-design-al-salone-del-mobile-2025\/#primaryimage"},"thumbnailUrl":"https:\/\/bruscinodesign.com\/wp-content\/uploads\/2025\/05\/Vespa-Cappuccino-salone-del-mobile-2025-parte-frontale-scaled-1.jpg","articleSection":["Journal"],"inLanguage":"it-IT"},{"@type":"WebPage","@id":"https:\/\/bruscinodesign.com\/it\/db-design-al-salone-del-mobile-2025\/","url":"https:\/\/bruscinodesign.com\/it\/db-design-al-salone-del-mobile-2025\/","name":"DB Design al Salone del Mobile 2025","isPartOf":{"@id":"https:\/\/bruscinodesign.com\/it\/#website"},"primaryImageOfPage":{"@id":"https:\/\/bruscinodesign.com\/it\/db-design-al-salone-del-mobile-2025\/#primaryimage"},"image":{"@id":"https:\/\/bruscinodesign.com\/it\/db-design-al-salone-del-mobile-2025\/#primaryimage"},"thumbnailUrl":"https:\/\/bruscinodesign.com\/wp-content\/uploads\/2025\/05\/Vespa-Cappuccino-salone-del-mobile-2025-parte-frontale-scaled-1.jpg","datePublished":"2026-03-06T13:47:37+00:00","dateModified":"2026-03-20T10:56:24+00:00","author":{"@id":"https:\/\/bruscinodesign.com\/it\/#\/schema\/person\/842949e572356b9311b1e58cf1b6a3ee"},"description":"Al Salone del Mobile 2025, DB Design ha presentato la Vespa Cappuccino: eleganza anni \u201960 rivisitata con stile contemporaneo, impreziosita da dettagli firmati Pierre Frey.","breadcrumb":{"@id":"https:\/\/bruscinodesign.com\/it\/db-design-al-salone-del-mobile-2025\/#breadcrumb"},"inLanguage":"it-IT","potentialAction":[{"@type":"ReadAction","target":["https:\/\/bruscinodesign.com\/it\/db-design-al-salone-del-mobile-2025\/"]}]},{"@type":"ImageObject","inLanguage":"it-IT","@id":"https:\/\/bruscinodesign.com\/it\/db-design-al-salone-del-mobile-2025\/#primaryimage","url":"https:\/\/bruscinodesign.com\/wp-content\/uploads\/2025\/05\/Vespa-Cappuccino-salone-del-mobile-2025-parte-frontale-scaled-1.jpg","contentUrl":"https:\/\/bruscinodesign.com\/wp-content\/uploads\/2025\/05\/Vespa-Cappuccino-salone-del-mobile-2025-parte-frontale-scaled-1.jpg","width":2560,"height":1707,"caption":"Vespa Cappuccino salone del mobile 2025 parte frontale"},{"@type":"BreadcrumbList","@id":"https:\/\/bruscinodesign.com\/it\/db-design-al-salone-del-mobile-2025\/#breadcrumb","itemListElement":[{"@type":"ListItem","position":1,"name":"Home","item":"https:\/\/bruscinodesign.com\/it\/"},{"@type":"ListItem","position":2,"name":"DB Design al Salone del Mobile 2025"}]},{"@type":"WebSite","@id":"https:\/\/bruscinodesign.com\/it\/#website","url":"https:\/\/bruscinodesign.com\/it\/","name":"Bruscino Design","description":"","potentialAction":[{"@type":"SearchAction","target":{"@type":"EntryPoint","urlTemplate":"https:\/\/bruscinodesign.com\/it\/?s={search_term_string}"},"query-input":{"@type":"PropertyValueSpecification","valueRequired":true,"valueName":"search_term_string"}}],"inLanguage":"it-IT"},{"@type":"Person","@id":"https:\/\/bruscinodesign.com\/it\/#\/schema\/person\/842949e572356b9311b1e58cf1b6a3ee","name":"dino_bruscino","image":{"@type":"ImageObject","inLanguage":"it-IT","@id":"https:\/\/secure.gravatar.com\/avatar\/583df2fb832fb19b792e92677cb4115c4749b9bb67fbdaa0bfa1d444d9fc784d?s=96&d=mm&r=g","url":"https:\/\/secure.gravatar.com\/avatar\/583df2fb832fb19b792e92677cb4115c4749b9bb67fbdaa0bfa1d444d9fc784d?s=96&d=mm&r=g","contentUrl":"https:\/\/secure.gravatar.com\/avatar\/583df2fb832fb19b792e92677cb4115c4749b9bb67fbdaa0bfa1d444d9fc784d?s=96&d=mm&r=g","caption":"dino_bruscino"},"sameAs":["https:\/\/bruscinodesign.com"]}]}},"_links":{"self":[{"href":"https:\/\/bruscinodesign.com\/it\/wp-json\/wp\/v2\/posts\/2259","targetHints":{"allow":["GET"]}}],"collection":[{"href":"https:\/\/bruscinodesign.com\/it\/wp-json\/wp\/v2\/posts"}],"about":[{"href":"https:\/\/bruscinodesign.com\/it\/wp-json\/wp\/v2\/types\/post"}],"author":[{"embeddable":true,"href":"https:\/\/bruscinodesign.com\/it\/wp-json\/wp\/v2\/users\/1"}],"replies":[{"embeddable":true,"href":"https:\/\/bruscinodesign.com\/it\/wp-json\/wp\/v2\/comments?post=2259"}],"version-history":[{"count":3,"href":"https:\/\/bruscinodesign.com\/it\/wp-json\/wp\/v2\/posts\/2259\/revisions"}],"predecessor-version":[{"id":3225,"href":"https:\/\/bruscinodesign.com\/it\/wp-json\/wp\/v2\/posts\/2259\/revisions\/3225"}],"wp:featuredmedia":[{"embeddable":true,"href":"https:\/\/bruscinodesign.com\/it\/wp-json\/wp\/v2\/media\/2261"}],"wp:attachment":[{"href":"https:\/\/bruscinodesign.com\/it\/wp-json\/wp\/v2\/media?parent=2259"}],"wp:term":[{"taxonomy":"category","embeddable":true,"href":"https:\/\/bruscinodesign.com\/it\/wp-json\/wp\/v2\/categories?post=2259"},{"taxonomy":"post_tag","embeddable":true,"href":"https:\/\/bruscinodesign.com\/it\/wp-json\/wp\/v2\/tags?post=2259"}],"curies":[{"name":"wp","href":"https:\/\/api.w.org\/{rel}","templated":true}]}}